{"id":302,"date":"2019-10-12T00:03:56","date_gmt":"2019-10-11T22:03:56","guid":{"rendered":"https:\/\/www.liederkranz-freudental.de\/wp\/?p=302"},"modified":"2019-10-12T00:43:42","modified_gmt":"2019-10-11T22:43:42","slug":"kids-disco-2019","status":"publish","type":"post","link":"https:\/\/www.liederkranz-freudental.de\/wp\/2019\/10\/12\/kids-disco-2019\/","title":{"rendered":"Kids-Disco 2019"},"content":{"rendered":"<p><span style=\"font-size: 1rem;\">R\u00fcckblickend m\u00f6chten wir uns noch f\u00fcr ein sehr gelungenes Ferienprogram am 09.09.2019 unter dem Motto \u201eKids-Disco\u201c bedanken. Dieses Jahr hatten wir nicht ganz so hei\u00dfe Temperaturen wie letztes Jahr und trotzdem kamen wir alle richtig ins Schwitzen. <\/span><\/p>\n<p><span style=\"font-size: 1rem;\">Die Kinder wurden in zwei Gruppen geteilt und parallel der Cup Song und ein Tanz einstudiert.<\/span><\/p>\n<p><img loading=\"lazy\" decoding=\"async\" class=\"aligncenter wp-image-303 size-full\" src=\"https:\/\/www.liederkranz-freudental.de\/wp\/wp-content\/uploads\/2019\/10\/CupSong-mit-Julius-und-Jessi.jpg\" alt=\"\" width=\"4032\" height=\"3024\" srcset=\"https:\/\/www.liederkranz-freudental.de\/wp\/wp-content\/uploads\/2019\/10\/CupSong-mit-Julius-und-Jessi.jpg 4032w, https:\/\/www.liederkranz-freudental.de\/wp\/wp-content\/uploads\/2019\/10\/CupSong-mit-Julius-und-Jessi-300x225.jpg 300w, https:\/\/www.liederkranz-freudental.de\/wp\/wp-content\/uploads\/2019\/10\/CupSong-mit-Julius-und-Jessi-768x576.jpg 768w, https:\/\/www.liederkranz-freudental.de\/wp\/wp-content\/uploads\/2019\/10\/CupSong-mit-Julius-und-Jessi-1024x768.jpg 1024w\" sizes=\"auto, (max-width: 4032px) 100vw, 4032px\" \/> <img loading=\"lazy\" decoding=\"async\" class=\"aligncenter wp-image-305 size-full\" src=\"https:\/\/www.liederkranz-freudental.de\/wp\/wp-content\/uploads\/2019\/10\/Tanzgruppe.jpg\" alt=\"\" width=\"4032\" height=\"3024\" srcset=\"https:\/\/www.liederkranz-freudental.de\/wp\/wp-content\/uploads\/2019\/10\/Tanzgruppe.jpg 4032w, https:\/\/www.liederkranz-freudental.de\/wp\/wp-content\/uploads\/2019\/10\/Tanzgruppe-300x225.jpg 300w, https:\/\/www.liederkranz-freudental.de\/wp\/wp-content\/uploads\/2019\/10\/Tanzgruppe-768x576.jpg 768w, https:\/\/www.liederkranz-freudental.de\/wp\/wp-content\/uploads\/2019\/10\/Tanzgruppe-1024x768.jpg 1024w\" sizes=\"auto, (max-width: 4032px) 100vw, 4032px\" \/><\/p>\n<p><span style=\"font-size: 1rem;\"> Das Erlernte wurde dann am Ende voller Stolz den Eltern pr\u00e4sentiert. Zwischen den Proben wurde getanzt, mit selbstgemachten Popcorn gest\u00e4rkt und mit leckeren Cocktails erfrischt. Zum Ende gab es wie jedes Jahr leckere Pizza f\u00fcr alle und ein toller Tanznachmittag ging zu Ende.<\/span><\/p>\n<p><img loading=\"lazy\" decoding=\"async\" class=\"aligncenter wp-image-304 size-full\" src=\"https:\/\/www.liederkranz-freudental.de\/wp\/wp-content\/uploads\/2019\/10\/Kinderferienprogramm-Liederkranz.jpg\" alt=\"\" width=\"4032\" height=\"3024\" srcset=\"https:\/\/www.liederkranz-freudental.de\/wp\/wp-content\/uploads\/2019\/10\/Kinderferienprogramm-Liederkranz.jpg 4032w, https:\/\/www.liederkranz-freudental.de\/wp\/wp-content\/uploads\/2019\/10\/Kinderferienprogramm-Liederkranz-300x225.jpg 300w, https:\/\/www.liederkranz-freudental.de\/wp\/wp-content\/uploads\/2019\/10\/Kinderferienprogramm-Liederkranz-768x576.jpg 768w, https:\/\/www.liederkranz-freudental.de\/wp\/wp-content\/uploads\/2019\/10\/Kinderferienprogramm-Liederkranz-1024x768.jpg 1024w\" sizes=\"auto, (max-width: 4032px) 100vw, 4032px\" \/><\/p>\n<p>Vielen Dank an Euch alle f\u00fcr die super Stimmung, den vielen helfenden H\u00e4nden, die diesen lustigen Nachmittag unterst\u00fctzt haben, den Vort\u00e4nzerinnen Miri &amp; Jessi f\u00fcr die \u00fcberzeugende Choreografie, Julius, Annabell und Jessi f\u00fcr die hochkonzentrierte Arbeit mit dem Cup Song, Marlen als \u00fcberzeugende Barkeeperin sowie Anabel und Gela als eingespieltes Team an der Popcornmaschine. Katrin Ei\u00dfele, unsere Koordinatorin und Eventmanagerin, war wieder bestens vorbereitet. Das war spitze!!!<\/p>\n","protected":false},"excerpt":{"rendered":"<p>R\u00fcckblickend m\u00f6chten wir uns noch f\u00fcr ein sehr gelungenes Ferienprogram am 09.09.2019 unter dem Motto \u201eKids-Disco\u201c bedanken. Dieses Jahr hatten wir nicht ganz so hei\u00dfe Temperaturen wie letztes Jahr und trotzdem kamen wir alle richtig ins Schwitzen. Die Kinder wurden in zwei Gruppen geteilt und parallel der Cup Song und ein Tanz einstudiert. Das Erlernte [&hellip;]<\/p>\n","protected":false},"author":4,"featured_media":0,"comment_status":"open","ping_status":"open","sticky":false,"template":"","format":"standard","meta":{"footnotes":""},"categories":[6],"tags":[],"class_list":["post-302","post","type-post","status-publish","format-standard","hentry","category-veranstaltung"],"_links":{"self":[{"href":"https:\/\/www.liederkranz-freudental.de\/wp\/wp-json\/wp\/v2\/posts\/302","targetHints":{"allow":["GET"]}}],"collection":[{"href":"https:\/\/www.liederkranz-freudental.de\/wp\/wp-json\/wp\/v2\/posts"}],"about":[{"href":"https:\/\/www.liederkranz-freudental.de\/wp\/wp-json\/wp\/v2\/types\/post"}],"author":[{"embeddable":true,"href":"https:\/\/www.liederkranz-freudental.de\/wp\/wp-json\/wp\/v2\/users\/4"}],"replies":[{"embeddable":true,"href":"https:\/\/www.liederkranz-freudental.de\/wp\/wp-json\/wp\/v2\/comments?post=302"}],"version-history":[{"count":2,"href":"https:\/\/www.liederkranz-freudental.de\/wp\/wp-json\/wp\/v2\/posts\/302\/revisions"}],"predecessor-version":[{"id":315,"href":"https:\/\/www.liederkranz-freudental.de\/wp\/wp-json\/wp\/v2\/posts\/302\/revisions\/315"}],"wp:attachment":[{"href":"https:\/\/www.liederkranz-freudental.de\/wp\/wp-json\/wp\/v2\/media?parent=302"}],"wp:term":[{"taxonomy":"category","embeddable":true,"href":"https:\/\/www.liederkranz-freudental.de\/wp\/wp-json\/wp\/v2\/categories?post=302"},{"taxonomy":"post_tag","embeddable":true,"href":"https:\/\/www.liederkranz-freudental.de\/wp\/wp-json\/wp\/v2\/tags?post=302"}],"curies":[{"name":"wp","href":"https:\/\/api.w.org\/{rel}","templated":true}]}}